{"id":2517,"date":"2023-12-22T16:10:56","date_gmt":"2023-12-22T16:10:56","guid":{"rendered":"https:\/\/szeretetkonyham.hu\/?p=2517"},"modified":"2023-12-22T16:10:57","modified_gmt":"2023-12-22T16:10:57","slug":"gluten-tej-es-tojasmentes-makosguba-torta","status":"publish","type":"post","link":"https:\/\/szeretetkonyham.com\/?p=2517","title":{"rendered":"Glut\u00e9n-tej \u00e9s toj\u00e1smentes m\u00e1kosguba torta"},"content":{"rendered":"\n<p><strong>Hozz\u00e1val\u00f3k a kiflihez:<\/strong><br>1 csomag por\u00e9leszt\u0151 (6-7- gramm)<br>6 gramm cukor<br>220 gramm langyos v\u00edz<br>275 gramm glut\u00e9nmentes keny\u00e9rliszt<br>2 csipet s\u00f3<br>10 gramm olaj+a ken\u00e9shez<br><strong>Elk\u00e9sz\u00edt\u00e9s:<\/strong> A hozz\u00e1val\u00f3kat kidagasztjuk, majd olajozott fel\u00fcletre bor\u00edtjuk. K\u00f6r alak\u00fara<br>kiny\u00fajtjuk a t\u00e9szt\u00e1t, majd 6 vagy 8 r\u00e9szre osztjuk, mint egy pizz\u00e1t. A h\u00e1romsz\u00f6geket<br>egyenk\u00e9nt a hosszabbik oldaluk fel\u0151l feltekerj\u00fck, majd s\u00fct\u0151lapra sorakoztatjuk. Olajjal<br>lekenj\u00fck a tetej\u00fcket. A s\u00fct\u0151 als\u00f3 r\u00e9sz\u00e9be helyezz\u00fcnk egy kb. 250 ml mennyis\u00e9g\u0171 vizet egy<br>h\u0151\u00e1ll\u00f3 ed\u00e9nyben.<\/p>\n\n\n\n<p>40 fokos s\u00fct\u0151ben 35-40 percig kelesztj\u00fck, majd feltekerj\u00fck a s\u00fct\u0151t 190 fokra \u00e9s kb. 25 perc<br>alatt aranybarn\u00e1ra s\u00fctj\u00fck a kifliket.<br>Ha kih\u0171lt, karik\u00e1ra v\u00e1gunk 6 db kiflit.<br><strong>Alap:<br>Hozz\u00e1val\u00f3k:<\/strong><br>6 db glut\u00e9nmentes kifli<br>1 csomag van\u00edli\u00e1s puding<br>25 gramm cukor<br>1 csomag van\u00edli\u00e1s cukor<br>350 ml n\u00f6v\u00e9nyi tej<br>50 gramm dar\u00e1lt m\u00e1k<br><strong>Kr\u00e9m:<\/strong><br>2 csomag glut\u00e9nmentes van\u00edli\u00e1s puding<br>cukor \u00e9s van\u00edli\u00e1s cukor \u00edzl\u00e9s szerint (6-8 ev\u0151kan\u00e1l a k\u00e9t csomaghoz)<br>600 ml n\u00f6v\u00e9nyi tej<br><strong>Hab:<\/strong><br>200 ml n\u00f6v\u00e9nyi, tejfeh\u00e9rjementes tejsz\u00edn<\/p>\n\n\n\n<p><strong>Elk\u00e9sz\u00edt\u00e9s:<\/strong><br>A kiflit karik\u00e1kra v\u00e1gjuk, A pudingot a cukorral a n\u00f6v\u00e9nyi tejben megf\u0151zz\u00fck. A m\u00e1kot a kiflikarik\u00e1kra sz\u00f3rjuk, majd le\u00f6ntj\u00fck a pudingos massz\u00e1val \u00e9s \u00f6sszekeverj\u00fck az eg\u00e9szet.<br>Kapcsos tortaform\u00e1ba sim\u00edtjuk a torta alapj\u00e1t \u00e9s 180 fokon 25-30 percig s\u00fctj\u00fck.<br>A kr\u00e9met elk\u00e9sz\u00edtj\u00fck, s\u0171r\u0171 pudingot f\u0151z\u00fcnk. M\u00e9g melegen a kih\u0171lt tortaalapra \u00f6ntj\u00fck \u00e9s hagyjuk kih\u0171lni. K\u00f6zben felverj\u00fck a tejsz\u00ednhabot \u00e9s a torta tetej\u00e9t megd\u00edsz\u00edtj\u00fck vele. Az eg\u00e9szet h\u0171t\u0151be tessz\u00fck, majd t\u00e1lal\u00e1s el\u0151tt kiemelj\u00fck a kapcsos form\u00e1b\u00f3l. Min\u00e9l kisebb form\u00e1ba helyezz\u00fck, ann\u00e1l magasabb lesz a tort\u00e1nk.<\/p>\n\n\n\n<figure class=\"wp-block-image size-large\"><img loading=\"lazy\" decoding=\"async\" width=\"1024\" height=\"576\" src=\"https:\/\/szeretetkonyham.hu\/wp-content\/uploads\/2023\/12\/DSC08249-1024x576.jpg\" alt=\"\" class=\"wp-image-2523\" srcset=\"https:\/\/szeretetkonyham.hu\/wp-content\/uploads\/2023\/12\/DSC08249-980x552.jpg 980w, https:\/\/szeretetkonyham.hu\/wp-content\/uploads\/2023\/12\/DSC08249-480x270.jpg 480w\" sizes=\"(min-width: 0px) and (max-width: 480px) 480px, (min-width: 481px) and (max-width: 980px) 980px, (min-width: 981px) 1024px, 100vw\" \/><\/figure>\n\n\n\n<figure class=\"wp-block-image size-large\"><img loading=\"lazy\" decoding=\"async\" width=\"1024\" height=\"576\" src=\"https:\/\/szeretetkonyham.hu\/wp-content\/uploads\/2023\/12\/DSC08250-1024x576.jpg\" alt=\"\" class=\"wp-image-2524\" srcset=\"https:\/\/szeretetkonyham.hu\/wp-content\/uploads\/2023\/12\/DSC08250-980x552.jpg 980w, https:\/\/szeretetkonyham.hu\/wp-content\/uploads\/2023\/12\/DSC08250-480x270.jpg 480w\" sizes=\"(min-width: 0px) and (max-width: 480px) 480px, (min-width: 481px) and (max-width: 980px) 980px, (min-width: 981px) 1024px, 100vw\" \/><\/figure>\n\n\n\n<figure class=\"wp-block-image size-large\"><img loading=\"lazy\" decoding=\"async\" width=\"1024\" height=\"576\" src=\"https:\/\/szeretetkonyham.hu\/wp-content\/uploads\/2023\/12\/DSC08259-1024x576.jpg\" alt=\"\" class=\"wp-image-2525\" srcset=\"https:\/\/szeretetkonyham.hu\/wp-content\/uploads\/2023\/12\/DSC08259-980x552.jpg 980w, https:\/\/szeretetkonyham.hu\/wp-content\/uploads\/2023\/12\/DSC08259-480x270.jpg 480w\" sizes=\"(min-width: 0px) and (max-width: 480px) 480px, (min-width: 481px) and (max-width: 980px) 980px, (min-width: 981px) 1024px, 100vw\" \/><\/figure>\n\n\n\n<figure class=\"wp-block-image size-large\"><img loading=\"lazy\" decoding=\"async\" width=\"1024\" height=\"576\" src=\"https:\/\/szeretetkonyham.hu\/wp-content\/uploads\/2023\/12\/DSC082622-1024x576.jpg\" alt=\"\" class=\"wp-image-2526\" srcset=\"https:\/\/szeretetkonyham.hu\/wp-content\/uploads\/2023\/12\/DSC082622-980x552.jpg 980w, https:\/\/szeretetkonyham.hu\/wp-content\/uploads\/2023\/12\/DSC082622-480x270.jpg 480w\" sizes=\"(min-width: 0px) and (max-width: 480px) 480px, (min-width: 481px) and (max-width: 980px) 980px, (min-width: 981px) 1024px, 100vw\" \/><\/figure>\n\n\n\n<figure class=\"wp-block-image size-large\"><img loading=\"lazy\" decoding=\"async\" width=\"1024\" height=\"576\" src=\"https:\/\/szeretetkonyham.hu\/wp-content\/uploads\/2023\/12\/DSC08266-1024x576.jpg\" alt=\"\" class=\"wp-image-2527\" srcset=\"https:\/\/szeretetkonyham.hu\/wp-content\/uploads\/2023\/12\/DSC08266-980x552.jpg 980w, https:\/\/szeretetkonyham.hu\/wp-content\/uploads\/2023\/12\/DSC08266-480x270.jpg 480w\" sizes=\"(min-width: 0px) and (max-width: 480px) 480px, (min-width: 481px) and (max-width: 980px) 980px, (min-width: 981px) 1024px, 100vw\" \/><\/figure>\n","protected":false},"excerpt":{"rendered":"<p>Hozz\u00e1val\u00f3k a kiflihez:1 csomag por\u00e9leszt\u0151 (6-7- gramm)6 gramm cukor220 gramm langyos v\u00edz275 gramm glut\u00e9nmentes keny\u00e9rliszt2 csipet s\u00f310 gramm olaj+a ken\u00e9shezElk\u00e9sz\u00edt\u00e9s: A hozz\u00e1val\u00f3kat kidagasztjuk, majd olajozott fel\u00fcletre bor\u00edtjuk. K\u00f6r alak\u00farakiny\u00fajtjuk a t\u00e9szt\u00e1t, majd 6 vagy 8 r\u00e9szre osztjuk, mint egy pizz\u00e1t. A h\u00e1romsz\u00f6geketegyenk\u00e9nt a hosszabbik oldaluk fel\u0151l feltekerj\u00fck, majd s\u00fct\u0151lapra sorakoztatjuk. Olajjallekenj\u00fck a tetej\u00fcket. A s\u00fct\u0151 [&hellip;]<\/p>\n","protected":false},"author":3,"featured_media":2527,"comment_status":"open","ping_status":"open","sticky":false,"template":"","format":"standard","meta":{"_et_pb_use_builder":"off","_et_pb_old_content":"","_et_gb_content_width":"","footnotes":""},"categories":[3],"tags":[352,66,70,371,377,378,67,68,77],"class_list":["post-2517","post","type-post","status-publish","format-standard","has-post-thumbnail","hentry","category-receptek","tag-advent","tag-glutenmentes","tag-karacsony","tag-mak","tag-makosguba","tag-makosgubatorta","tag-tejmentes","tag-tojasmentes","tag-vegan"],"_links":{"self":[{"href":"https:\/\/szeretetkonyham.com\/index.php?rest_route=\/wp\/v2\/posts\/2517","targetHints":{"allow":["GET"]}}],"collection":[{"href":"https:\/\/szeretetkonyham.com\/index.php?rest_route=\/wp\/v2\/posts"}],"about":[{"href":"https:\/\/szeretetkonyham.com\/index.php?rest_route=\/wp\/v2\/types\/post"}],"author":[{"embeddable":true,"href":"https:\/\/szeretetkonyham.com\/index.php?rest_route=\/wp\/v2\/users\/3"}],"replies":[{"embeddable":true,"href":"https:\/\/szeretetkonyham.com\/index.php?rest_route=%2Fwp%2Fv2%2Fcomments&post=2517"}],"version-history":[{"count":2,"href":"https:\/\/szeretetkonyham.com\/index.php?rest_route=\/wp\/v2\/posts\/2517\/revisions"}],"predecessor-version":[{"id":2528,"href":"https:\/\/szeretetkonyham.com\/index.php?rest_route=\/wp\/v2\/posts\/2517\/revisions\/2528"}],"wp:featuredmedia":[{"embeddable":true,"href":"https:\/\/szeretetkonyham.com\/index.php?rest_route=\/wp\/v2\/media\/2527"}],"wp:attachment":[{"href":"https:\/\/szeretetkonyham.com\/index.php?rest_route=%2Fwp%2Fv2%2Fmedia&parent=2517"}],"wp:term":[{"taxonomy":"category","embeddable":true,"href":"https:\/\/szeretetkonyham.com\/index.php?rest_route=%2Fwp%2Fv2%2Fcategories&post=2517"},{"taxonomy":"post_tag","embeddable":true,"href":"https:\/\/szeretetkonyham.com\/index.php?rest_route=%2Fwp%2Fv2%2Ftags&post=2517"}],"curies":[{"name":"wp","href":"https:\/\/api.w.org\/{rel}","templated":true}]}}