{"id":3736,"date":"2026-07-15T12:39:58","date_gmt":"2026-07-15T12:39:58","guid":{"rendered":"https:\/\/szeretetkonyham.com\/?p=3736"},"modified":"2026-07-15T12:45:44","modified_gmt":"2026-07-15T12:45:44","slug":"ceklatocsni","status":"publish","type":"post","link":"https:\/\/szeretetkonyham.com\/?p=3736","title":{"rendered":"C\u00e9klat\u00f3csni"},"content":{"rendered":"\n<p>Itt a ny\u00e1r k\u00f6zep\u00e9n berobbant a gy\u00fcm\u00f6lcs-\u00e9s z\u00f6lds\u00e9gszezon, folyamatosan k\u00e9sz\u00fcl bel\u0151le a sok finoms\u00e1g. Mivel a gyerekek \u00f6nmag\u00e1ban nem eszik meg a c\u00e9kl\u00e1t, t\u00f3csniba rejtettem. Szerintem nagyon finom lett, \u00e9s a c\u00e9kla \u00edze sem domin\u00e1lt annyira.<\/p>\n\n\n\n<p><strong>Hozz\u00e1val\u00f3k: <\/strong>(kb. 25 kisebb (ev\u0151kan\u00e1lnyi) t\u00f3csnihoz)<\/p>\n\n\n\n<p>2 nagyobb c\u00e9kla<\/p>\n\n\n\n<p>1 v\u00f6r\u00f6s-vagy lilahagyma<\/p>\n\n\n\n<p>3-4 gerezd fokhagyma, vagy aki szereti m\u00e9g jobban is \u00edzes\u00edtheti a fokhagym\u00e1val<\/p>\n\n\n\n<p>S\u00f3, bors vagy vegeta \u00edzl\u00e9s szerint<\/p>\n\n\n\n<p>2 db toj\u00e1s<\/p>\n\n\n\n<p>Annyi gm liszt, amennyit felvesz (a z\u00f6lds\u00e9gek kinyomkod\u00e1sa ut\u00e1n, egy s\u0171r\u0171bb palacsinta t\u00e9szta \u00e1llagot kell kapni)<\/p>\n\n\n\n<p>Olaj vagy zs\u00edr a s\u00fct\u00e9shez<\/p>\n\n\n\n<p><strong>Elk\u00e9sz\u00edt\u00e9s: <\/strong><\/p>\n\n\n\n<p>A z\u00f6lds\u00e9geket megh\u00e1mozzuk, lereszelj\u00fck, vagy egy k\u00e9ses apr\u00edt\u00f3ban ledar\u00e1ljuk. S\u00f3zzuk, borsozzuk, majd kb. 15 percre f\u00e9lretessz\u00fck. A s\u00f3 hat\u00e1s\u00e1ra folyad\u00e9k t\u00e1vozik, amit alaposan kinyomkodunk egy m\u00e1sik t\u00e1lba. Hozz\u00e1adjuk a t\u00f6bbi hozz\u00e1val\u00f3t \u00e9s forr\u00f3 olajba ev\u0151kan\u00e1lnyi mennyis\u00e9geket szaggatunk. Mindk\u00e9t fel\u00e9t aranybarn\u00e1ra s\u00fctj\u00fck. Pap\u00edrt\u00f6rl\u0151n lecsepegtetj\u00fck. \u00d6nmag\u00e1ban is nagyon finom uzsonna, vacsorafalat, de k\u00f6rettel is isteni f\u0151\u00e9telk\u00e9nt, vagy m\u00e1rtogat\u00f3ssal.<\/p>\n\n\n\n<p>A mi csal\u00e1dunk nagyon szereti a t\u00f3csnit, \u00edgy k\u00e9sz\u00edtettem m\u00e1r cukkinib\u0151l, krumplib\u00f3l, s\u00e1rgar\u00e9p\u00e1b\u00f3l, karal\u00e1b\u00e9b\u00f3l is. \ud83d\ude42<\/p>\n\n\n\n<figure class=\"wp-block-image size-large\"><img loading=\"lazy\" decoding=\"async\" width=\"1024\" height=\"768\" src=\"https:\/\/szeretetkonyham.com\/wp-content\/uploads\/2026\/07\/188-1024x768.jpg\" alt=\"\" class=\"wp-image-3737\" srcset=\"https:\/\/szeretetkonyham.com\/wp-content\/uploads\/2026\/07\/188-980x735.jpg 980w, https:\/\/szeretetkonyham.com\/wp-content\/uploads\/2026\/07\/188-480x360.jpg 480w\" sizes=\"(min-width: 0px) and (max-width: 480px) 480px, (min-width: 481px) and (max-width: 980px) 980px, (min-width: 981px) 1024px, 100vw\" \/><\/figure>\n\n\n\n<figure class=\"wp-block-image size-large\"><img loading=\"lazy\" decoding=\"async\" width=\"1024\" height=\"768\" src=\"https:\/\/szeretetkonyham.com\/wp-content\/uploads\/2026\/07\/189-1024x768.jpg\" alt=\"\" class=\"wp-image-3738\" srcset=\"https:\/\/szeretetkonyham.com\/wp-content\/uploads\/2026\/07\/189-980x735.jpg 980w, https:\/\/szeretetkonyham.com\/wp-content\/uploads\/2026\/07\/189-480x360.jpg 480w\" sizes=\"(min-width: 0px) and (max-width: 480px) 480px, (min-width: 481px) and (max-width: 980px) 980px, (min-width: 981px) 1024px, 100vw\" \/><\/figure>\n\n\n\n<figure class=\"wp-block-image size-large\"><img loading=\"lazy\" decoding=\"async\" width=\"1024\" height=\"768\" src=\"https:\/\/szeretetkonyham.com\/wp-content\/uploads\/2026\/07\/192-1024x768.jpg\" alt=\"\" class=\"wp-image-3739\" srcset=\"https:\/\/szeretetkonyham.com\/wp-content\/uploads\/2026\/07\/192-980x735.jpg 980w, https:\/\/szeretetkonyham.com\/wp-content\/uploads\/2026\/07\/192-480x360.jpg 480w\" sizes=\"(min-width: 0px) and (max-width: 480px) 480px, (min-width: 481px) and (max-width: 980px) 980px, (min-width: 981px) 1024px, 100vw\" \/><\/figure>\n\n\n\n<figure class=\"wp-block-image size-large\"><img loading=\"lazy\" decoding=\"async\" width=\"1024\" height=\"768\" src=\"https:\/\/szeretetkonyham.com\/wp-content\/uploads\/2026\/07\/194-1024x768.jpg\" alt=\"\" class=\"wp-image-3740\" srcset=\"https:\/\/szeretetkonyham.com\/wp-content\/uploads\/2026\/07\/194-980x735.jpg 980w, https:\/\/szeretetkonyham.com\/wp-content\/uploads\/2026\/07\/194-480x360.jpg 480w\" sizes=\"(min-width: 0px) and (max-width: 480px) 480px, (min-width: 481px) and (max-width: 980px) 980px, (min-width: 981px) 1024px, 100vw\" \/><\/figure>\n\n\n\n<figure class=\"wp-block-image size-large\"><img loading=\"lazy\" decoding=\"async\" width=\"1024\" height=\"768\" src=\"https:\/\/szeretetkonyham.com\/wp-content\/uploads\/2026\/07\/195-1024x768.jpg\" alt=\"\" class=\"wp-image-3741\" srcset=\"https:\/\/szeretetkonyham.com\/wp-content\/uploads\/2026\/07\/195-980x735.jpg 980w, https:\/\/szeretetkonyham.com\/wp-content\/uploads\/2026\/07\/195-480x360.jpg 480w\" sizes=\"(min-width: 0px) and (max-width: 480px) 480px, (min-width: 481px) and (max-width: 980px) 980px, (min-width: 981px) 1024px, 100vw\" \/><\/figure>\n","protected":false},"excerpt":{"rendered":"<p>Itt a ny\u00e1r k\u00f6zep\u00e9n berobbant a gy\u00fcm\u00f6lcs-\u00e9s z\u00f6lds\u00e9gszezon, folyamatosan k\u00e9sz\u00fcl bel\u0151le a sok finoms\u00e1g. Mivel a gyerekek \u00f6nmag\u00e1ban nem eszik meg a c\u00e9kl\u00e1t, t\u00f3csniba rejtettem. Szerintem nagyon finom lett, \u00e9s a c\u00e9kla \u00edze sem domin\u00e1lt annyira. Hozz\u00e1val\u00f3k: (kb. 25 kisebb (ev\u0151kan\u00e1lnyi) t\u00f3csnihoz) 2 nagyobb c\u00e9kla 1 v\u00f6r\u00f6s-vagy lilahagyma 3-4 gerezd fokhagyma, vagy aki szereti m\u00e9g [&hellip;]<\/p>\n","protected":false},"author":3,"featured_media":3738,"comment_status":"open","ping_status":"open","sticky":false,"template":"","format":"standard","meta":{"_et_pb_use_builder":"off","_et_pb_old_content":"","_et_gb_content_width":"","footnotes":""},"categories":[3],"tags":[337,429,66,67,155],"class_list":["post-3736","post","type-post","status-publish","format-standard","has-post-thumbnail","hentry","category-receptek","tag-cekla","tag-ceklatocsni","tag-glutenmentes","tag-tejmentes","tag-tocsni"],"_links":{"self":[{"href":"https:\/\/szeretetkonyham.com\/index.php?rest_route=\/wp\/v2\/posts\/3736","targetHints":{"allow":["GET"]}}],"collection":[{"href":"https:\/\/szeretetkonyham.com\/index.php?rest_route=\/wp\/v2\/posts"}],"about":[{"href":"https:\/\/szeretetkonyham.com\/index.php?rest_route=\/wp\/v2\/types\/post"}],"author":[{"embeddable":true,"href":"https:\/\/szeretetkonyham.com\/index.php?rest_route=\/wp\/v2\/users\/3"}],"replies":[{"embeddable":true,"href":"https:\/\/szeretetkonyham.com\/index.php?rest_route=%2Fwp%2Fv2%2Fcomments&post=3736"}],"version-history":[{"count":1,"href":"https:\/\/szeretetkonyham.com\/index.php?rest_route=\/wp\/v2\/posts\/3736\/revisions"}],"predecessor-version":[{"id":3742,"href":"https:\/\/szeretetkonyham.com\/index.php?rest_route=\/wp\/v2\/posts\/3736\/revisions\/3742"}],"wp:featuredmedia":[{"embeddable":true,"href":"https:\/\/szeretetkonyham.com\/index.php?rest_route=\/wp\/v2\/media\/3738"}],"wp:attachment":[{"href":"https:\/\/szeretetkonyham.com\/index.php?rest_route=%2Fwp%2Fv2%2Fmedia&parent=3736"}],"wp:term":[{"taxonomy":"category","embeddable":true,"href":"https:\/\/szeretetkonyham.com\/index.php?rest_route=%2Fwp%2Fv2%2Fcategories&post=3736"},{"taxonomy":"post_tag","embeddable":true,"href":"https:\/\/szeretetkonyham.com\/index.php?rest_route=%2Fwp%2Fv2%2Ftags&post=3736"}],"curies":[{"name":"wp","href":"https:\/\/api.w.org\/{rel}","templated":true}]}}