{"id":3786,"date":"2026-08-05T17:21:52","date_gmt":"2026-08-05T17:21:52","guid":{"rendered":"https:\/\/szeretetkonyham.com\/?p=3786"},"modified":"2026-08-05T17:21:54","modified_gmt":"2026-08-05T17:21:54","slug":"kekszszalami-gluten-es-tejmentesen","status":"publish","type":"post","link":"https:\/\/szeretetkonyham.com\/?p=3786","title":{"rendered":"Kekszszal\u00e1mi glut\u00e9n-\u00e9s tejmentesen"},"content":{"rendered":"\n<p><strong>Hozz\u00e1val\u00f3k:<\/strong><\/p>\n\n\n\n<p>50 dkg glut\u00e9nmentes keksz<\/p>\n\n\n\n<p>3 dl n\u00f6v\u00e9nyi tej<\/p>\n\n\n\n<p>20 dkg cukor<\/p>\n\n\n\n<p>20 dkg tejmentes margarin<\/p>\n\n\n\n<p>4 dkg cukrozatlan kaka\u00f3por<\/p>\n\n\n\n<p>20 dkg di\u00f3b\u00e9l apr\u00f3ra v\u00e1gva<\/p>\n\n\n\n<p>rumaroma \u00edzl\u00e9s szerint<\/p>\n\n\n\n<p><strong>Elk\u00e9sz\u00edt\u00e9s:<\/strong><\/p>\n\n\n\n<p>A tejb\u0151l, cukorb\u00f3l, kaka\u00f3porb\u00f3l \u00e9s margarinb\u00f3l szirupot f\u0151ztem. Am\u00edg a massza melegedett, egy t\u00e1lban apr\u00f3ra t\u00f6rtem a kekszet \u00e9s a di\u00f3t (h\u00fasklopfol\u00f3t haszn\u00e1ltam). A massz\u00e1hoz kevertem egy kis rumarom\u00e1t is, ett\u0151l kiss\u00e9 &#8222;sport szelet&#8221; \u00edze lett. Az eg\u00e9sz szirupot az \u00f6sszet\u00f6rdelt kekszre \u00e9s di\u00f3b\u00e9lre \u00f6nt\u00f6ttem. J\u00f3 alaposan elkevertem, hogy minden keksz darabot \u00e9rjen a massza. Ez a mennyis\u00e9g nekem 2 db \u0151zgerinc form\u00e1nyi mennyis\u00e9get adott ki. A form\u00e1kat el\u0151sz\u00f6r folpack-kal b\u00e9leltem ki, hogy k\u00f6nnyebben ki tudjam \u00f6nteni \u00e9s sz\u00e9pen tudjam szeletelni. Bele\u00f6nt\u00f6ttem a kekszes massz\u00e1t \u00e9s h\u0171t\u0151be tettem a form\u00e1kat. N\u00e9h\u00e1ny \u00f3ra ut\u00e1n deszk\u00e1ra ford\u00edtottam \u00e9s sz\u00e9pen szeletelni tudtam.  A k\u00e9peken sima h\u00e1ztart\u00e1si kekszb\u0151l k\u00e9sz\u00fclt s\u00fctike l\u00e1that\u00f3, de elk\u00e9sz\u00edthet\u0151 b\u00e1rmilyen ehhez hasonl\u00f3 t\u00f6ltetlen glut\u00e9nmentes keksszel is!<\/p>\n\n\n\n<figure class=\"wp-block-image size-large is-resized\"><img loading=\"lazy\" decoding=\"async\" width=\"768\" height=\"1024\" src=\"https:\/\/szeretetkonyham.com\/wp-content\/uploads\/2026\/08\/227-768x1024.jpg\" alt=\"\" class=\"wp-image-3787\" style=\"width:768px;height:auto\" \/><\/figure>\n\n\n\n<figure class=\"wp-block-image size-large\"><img loading=\"lazy\" decoding=\"async\" width=\"768\" height=\"1024\" src=\"https:\/\/szeretetkonyham.com\/wp-content\/uploads\/2026\/08\/228-768x1024.jpg\" alt=\"\" class=\"wp-image-3788\" \/><\/figure>\n\n\n\n<figure class=\"wp-block-image size-large\"><img loading=\"lazy\" decoding=\"async\" width=\"768\" height=\"1024\" src=\"https:\/\/szeretetkonyham.com\/wp-content\/uploads\/2026\/08\/229-768x1024.jpg\" alt=\"\" class=\"wp-image-3789\" \/><\/figure>\n\n\n\n<figure class=\"wp-block-image size-large\"><img loading=\"lazy\" decoding=\"async\" width=\"768\" height=\"1024\" src=\"https:\/\/szeretetkonyham.com\/wp-content\/uploads\/2026\/08\/230-768x1024.jpg\" alt=\"\" class=\"wp-image-3790\" \/><\/figure>\n","protected":false},"excerpt":{"rendered":"<p>Hozz\u00e1val\u00f3k: 50 dkg glut\u00e9nmentes keksz 3 dl n\u00f6v\u00e9nyi tej 20 dkg cukor 20 dkg tejmentes margarin 4 dkg cukrozatlan kaka\u00f3por 20 dkg di\u00f3b\u00e9l apr\u00f3ra v\u00e1gva rumaroma \u00edzl\u00e9s szerint Elk\u00e9sz\u00edt\u00e9s: A tejb\u0151l, cukorb\u00f3l, kaka\u00f3porb\u00f3l \u00e9s margarinb\u00f3l szirupot f\u0151ztem. Am\u00edg a massza melegedett, egy t\u00e1lban apr\u00f3ra t\u00f6rtem a kekszet \u00e9s a di\u00f3t (h\u00fasklopfol\u00f3t haszn\u00e1ltam). A massz\u00e1hoz kevertem [&hellip;]<\/p>\n","protected":false},"author":3,"featured_media":3790,"comment_status":"open","ping_status":"open","sticky":false,"template":"","format":"standard","meta":{"_et_pb_use_builder":"off","_et_pb_old_content":"","_et_gb_content_width":"","footnotes":""},"categories":[3],"tags":[71,66,137,548,547,67],"class_list":["post-3786","post","type-post","status-publish","format-standard","has-post-thumbnail","hentry","category-receptek","tag-dio","tag-glutenmentes","tag-keksz","tag-kekszszalami","tag-szalami","tag-tejmentes"],"_links":{"self":[{"href":"https:\/\/szeretetkonyham.com\/index.php?rest_route=\/wp\/v2\/posts\/3786","targetHints":{"allow":["GET"]}}],"collection":[{"href":"https:\/\/szeretetkonyham.com\/index.php?rest_route=\/wp\/v2\/posts"}],"about":[{"href":"https:\/\/szeretetkonyham.com\/index.php?rest_route=\/wp\/v2\/types\/post"}],"author":[{"embeddable":true,"href":"https:\/\/szeretetkonyham.com\/index.php?rest_route=\/wp\/v2\/users\/3"}],"replies":[{"embeddable":true,"href":"https:\/\/szeretetkonyham.com\/index.php?rest_route=%2Fwp%2Fv2%2Fcomments&post=3786"}],"version-history":[{"count":1,"href":"https:\/\/szeretetkonyham.com\/index.php?rest_route=\/wp\/v2\/posts\/3786\/revisions"}],"predecessor-version":[{"id":3791,"href":"https:\/\/szeretetkonyham.com\/index.php?rest_route=\/wp\/v2\/posts\/3786\/revisions\/3791"}],"wp:featuredmedia":[{"embeddable":true,"href":"https:\/\/szeretetkonyham.com\/index.php?rest_route=\/wp\/v2\/media\/3790"}],"wp:attachment":[{"href":"https:\/\/szeretetkonyham.com\/index.php?rest_route=%2Fwp%2Fv2%2Fmedia&parent=3786"}],"wp:term":[{"taxonomy":"category","embeddable":true,"href":"https:\/\/szeretetkonyham.com\/index.php?rest_route=%2Fwp%2Fv2%2Fcategories&post=3786"},{"taxonomy":"post_tag","embeddable":true,"href":"https:\/\/szeretetkonyham.com\/index.php?rest_route=%2Fwp%2Fv2%2Ftags&post=3786"}],"curies":[{"name":"wp","href":"https:\/\/api.w.org\/{rel}","templated":true}]}}