{"id":3800,"date":"2026-08-06T12:19:16","date_gmt":"2026-08-06T12:19:16","guid":{"rendered":"https:\/\/szeretetkonyham.com\/?p=3800"},"modified":"2026-08-06T12:19:20","modified_gmt":"2026-08-06T12:19:20","slug":"egyszeru-tejberizs-tejmentes","status":"publish","type":"post","link":"https:\/\/szeretetkonyham.com\/?p=3800","title":{"rendered":"Egyszer\u0171 tejberizs (Tejmentes)"},"content":{"rendered":"\n<p><strong>Hozz\u00e1val\u00f3k: <\/strong><\/p>\n\n\n\n<p>F\u00e9l liter v\u00edz<\/p>\n\n\n\n<p>1 liter n\u00f6v\u00e9nyi ital (N\u00e1lam mandula)<\/p>\n\n\n\n<p>220 gramm rizs<\/p>\n\n\n\n<p>3 ek. cukor<\/p>\n\n\n\n<p>2 csomag van\u00edli\u00e1s cukor<\/p>\n\n\n\n<p>1 csipet s\u00f3<\/p>\n\n\n\n<p><strong>Elk\u00e9sz\u00edt\u00e9s: <\/strong><\/p>\n\n\n\n<p>A vizet \u00f6sszeforraltam a n\u00f6v\u00e9nyi itallal, majd beletettem a cukrokat, s\u00f3t, \u00e9s belekevertem a rizst. Kis-k\u00f6zepes h\u0151fokon puh\u00e1ra f\u0151ztem a rizst, n\u00e9ha megkevertem. Elz\u00e1rtam, akkor is m\u00e9g dagadt a rizs benne. <\/p>\n\n\n\n<p>Isteni, puha, szaftos ny\u00e1ri eb\u00e9d\u00fcnk lett bel\u0151le. \ud83d\ude42<\/p>\n\n\n\n<figure class=\"wp-block-image size-large\"><img loading=\"lazy\" decoding=\"async\" width=\"1024\" height=\"768\" src=\"https:\/\/szeretetkonyham.com\/wp-content\/uploads\/2026\/08\/236-1024x768.jpg\" alt=\"\" class=\"wp-image-3801\" srcset=\"https:\/\/szeretetkonyham.com\/wp-content\/uploads\/2026\/08\/236-980x735.jpg 980w, https:\/\/szeretetkonyham.com\/wp-content\/uploads\/2026\/08\/236-480x360.jpg 480w\" sizes=\"(min-width: 0px) and (max-width: 480px) 480px, (min-width: 481px) and (max-width: 980px) 980px, (min-width: 981px) 1024px, 100vw\" \/><\/figure>\n\n\n\n<figure class=\"wp-block-image size-large\"><img loading=\"lazy\" decoding=\"async\" width=\"768\" height=\"1024\" src=\"https:\/\/szeretetkonyham.com\/wp-content\/uploads\/2026\/08\/237-768x1024.jpg\" alt=\"\" class=\"wp-image-3802\" \/><\/figure>\n\n\n\n<figure class=\"wp-block-image size-large\"><img loading=\"lazy\" decoding=\"async\" width=\"768\" height=\"1024\" src=\"https:\/\/szeretetkonyham.com\/wp-content\/uploads\/2026\/08\/238-768x1024.jpg\" alt=\"\" class=\"wp-image-3803\" \/><\/figure>\n\n\n\n<figure class=\"wp-block-image size-large\"><img loading=\"lazy\" decoding=\"async\" width=\"768\" height=\"1024\" src=\"https:\/\/szeretetkonyham.com\/wp-content\/uploads\/2026\/08\/239-768x1024.jpg\" alt=\"\" class=\"wp-image-3804\" \/><\/figure>\n\n\n\n<figure class=\"wp-block-image size-large\"><img loading=\"lazy\" decoding=\"async\" width=\"768\" height=\"1024\" src=\"https:\/\/szeretetkonyham.com\/wp-content\/uploads\/2026\/08\/240-768x1024.jpg\" alt=\"\" class=\"wp-image-3805\" \/><\/figure>\n\n\n\n<p><\/p>\n\n\n\n<p><\/p>\n","protected":false},"excerpt":{"rendered":"<p>Hozz\u00e1val\u00f3k: F\u00e9l liter v\u00edz 1 liter n\u00f6v\u00e9nyi ital (N\u00e1lam mandula) 220 gramm rizs 3 ek. cukor 2 csomag van\u00edli\u00e1s cukor 1 csipet s\u00f3 Elk\u00e9sz\u00edt\u00e9s: A vizet \u00f6sszeforraltam a n\u00f6v\u00e9nyi itallal, majd beletettem a cukrokat, s\u00f3t, \u00e9s belekevertem a rizst. Kis-k\u00f6zepes h\u0151fokon puh\u00e1ra f\u0151ztem a rizst, n\u00e9ha megkevertem. Elz\u00e1rtam, akkor is m\u00e9g dagadt a rizs benne. [&hellip;]<\/p>\n","protected":false},"author":3,"featured_media":3805,"comment_status":"open","ping_status":"open","sticky":false,"template":"","format":"standard","meta":{"_et_pb_use_builder":"off","_et_pb_old_content":"","_et_gb_content_width":"","footnotes":""},"categories":[3],"tags":[66,550,67,68,77],"class_list":["post-3800","post","type-post","status-publish","format-standard","has-post-thumbnail","hentry","category-receptek","tag-glutenmentes","tag-rizs","tag-tejmentes","tag-tojasmentes","tag-vegan"],"_links":{"self":[{"href":"https:\/\/szeretetkonyham.com\/index.php?rest_route=\/wp\/v2\/posts\/3800","targetHints":{"allow":["GET"]}}],"collection":[{"href":"https:\/\/szeretetkonyham.com\/index.php?rest_route=\/wp\/v2\/posts"}],"about":[{"href":"https:\/\/szeretetkonyham.com\/index.php?rest_route=\/wp\/v2\/types\/post"}],"author":[{"embeddable":true,"href":"https:\/\/szeretetkonyham.com\/index.php?rest_route=\/wp\/v2\/users\/3"}],"replies":[{"embeddable":true,"href":"https:\/\/szeretetkonyham.com\/index.php?rest_route=%2Fwp%2Fv2%2Fcomments&post=3800"}],"version-history":[{"count":1,"href":"https:\/\/szeretetkonyham.com\/index.php?rest_route=\/wp\/v2\/posts\/3800\/revisions"}],"predecessor-version":[{"id":3806,"href":"https:\/\/szeretetkonyham.com\/index.php?rest_route=\/wp\/v2\/posts\/3800\/revisions\/3806"}],"wp:featuredmedia":[{"embeddable":true,"href":"https:\/\/szeretetkonyham.com\/index.php?rest_route=\/wp\/v2\/media\/3805"}],"wp:attachment":[{"href":"https:\/\/szeretetkonyham.com\/index.php?rest_route=%2Fwp%2Fv2%2Fmedia&parent=3800"}],"wp:term":[{"taxonomy":"category","embeddable":true,"href":"https:\/\/szeretetkonyham.com\/index.php?rest_route=%2Fwp%2Fv2%2Fcategories&post=3800"},{"taxonomy":"post_tag","embeddable":true,"href":"https:\/\/szeretetkonyham.com\/index.php?rest_route=%2Fwp%2Fv2%2Ftags&post=3800"}],"curies":[{"name":"wp","href":"https:\/\/api.w.org\/{rel}","templated":true}]}}