{"id":3829,"date":"2026-08-19T13:47:23","date_gmt":"2026-08-19T13:47:23","guid":{"rendered":"https:\/\/szeretetkonyham.com\/?p=3829"},"modified":"2026-08-19T13:47:25","modified_gmt":"2026-08-19T13:47:25","slug":"szivarvany-torta-nutellas-mascarpone-kremmel","status":"publish","type":"post","link":"https:\/\/szeretetkonyham.com\/?p=3829","title":{"rendered":"Sziv\u00e1rv\u00e1ny torta (Nutell\u00e1s mascarpone kr\u00e9mmel)"},"content":{"rendered":"\n<p>Kisnagyl\u00e1nyom 9 \u00e9ves lett. N\u00e1lunk minden \u00e9vben, mindenki sz\u00fclinapj\u00e1ra h\u00e1zi torta k\u00e9sz\u00fcl. Ha j\u00f3l sz\u00e1molom, akkor eddig 36 + (18, 9, 6, 3+3) tort\u00e1t s\u00fct\u00f6ttem m\u00e1r a gyerekeimnek. \ud83d\ude42 Mindig megk\u00e9rdezem milyet szeretn\u00e9nek. Most sem volt ez m\u00e1sk\u00e9nt. Anna sziv\u00e1rv\u00e1ny pisk\u00f3t\u00e1j\u00fa nutell\u00e1s tort\u00e1t k\u00e9rt K-Pop Huntrix dekor\u00e1ci\u00f3val. <\/p>\n\n\n\n<p>Egyszer r\u00e9gesr\u00e9g J\u00e1zminnak is k\u00e9sz\u00edtettem m\u00e1r sziv\u00e1rv\u00e1ny tort\u00e1t, most \u00fajra elk\u00e9sz\u00fclt, az al\u00e1bbi m\u00f3don:<\/p>\n\n\n\n<p><strong>Hozz\u00e1val\u00f3k:<\/strong><\/p>\n\n\n\n<p><strong>A torta lapjaihoz: <\/strong><\/p>\n\n\n\n<p>Fontos! \u00c9n a torta alapj\u00e1t egyben kevertem ki, majd osztottam sz\u00e9t egyenl\u0151 mennyis\u00e9gben \u00e9s azt\u00e1n sz\u00edneztem.<\/p>\n\n\n\n<p>10 db toj\u00e1s<\/p>\n\n\n\n<p>10 ev\u0151kan\u00e1l glut\u00e9nmentes lisztkever\u00e9k (Miklos liszt)<\/p>\n\n\n\n<p>10 ev\u0151kan\u00e1l cukor<\/p>\n\n\n\n<p>csipet s\u00f3<\/p>\n\n\n\n<p>pici s\u00fct\u0151por<\/p>\n\n\n\n<p>A torta sz\u00ednez\u00e9s\u00e9hez 3 alapsz\u00edn\u0171 \u00e9telfest\u00e9k: r\u00f3zsasz\u00edn (piros), k\u00e9k \u00e9s s\u00e1rga. Ezekb\u0151l kevertem ki a sz\u00edneket.<\/p>\n\n\n\n<p><strong>Hozz\u00e1val\u00f3k a kr\u00e9mhez: <\/strong><\/p>\n\n\n\n<p>1 doboz Mascarpone (ak\u00e1r tejmentes v\u00e1ltozatban di\u00e9ta eset\u00e9n!) *500 grammosat haszn\u00e1ltam<\/p>\n\n\n\n<p>1 nagy doboz veg\u00e1n tejsz\u00ednhab (500 ml)<\/p>\n\n\n\n<p>n\u00e9h\u00e1ny ev\u0151kan\u00e1l (veg\u00e1n) nutella<\/p>\n\n\n\n<p><strong>Elk\u00e9sz\u00edt\u00e9s: <\/strong><\/p>\n\n\n\n<p>A pisk\u00f3t\u00e1khoz a toj\u00e1sokat sz\u00e9tv\u00e1lasztottam \u00e9s a feh\u00e9rj\u00e9ket kem\u00e9ny habb\u00e1 vertem a csipet s\u00f3val. A s\u00e1rg\u00e1kat is habosra kevertem a cukorral \u00e9s a liszttel, majd \u00f3vatosan hozz\u00e1forgattam a feh\u00e9rjehabot. \u00d6t egyenl\u0151 r\u00e9szre osztottam a massz\u00e1t. Hogy eg\u00e9szen biztosan egyenl\u0151 legyen, 5 egyforma m\u00e9ly t\u00e1ny\u00e9rt k\u00e9sz\u00edtettem el\u0151 \u00e9s ev\u0151kan\u00e1llal mertem igazs\u00e1gosan a massz\u00e1t, m\u00edg el nem fogyott. Lehet 6 fel\u00e9 is osztani, kinek mi tetszik. Ezut\u00e1n a 3 alapsz\u00ednnel sz\u00edneket kevertem \u00e9s megsz\u00edneztem \u0151ket. (Lett s\u00f6t\u00e9tr\u00f3zsasz\u00edn, s\u00e1rga, z\u00f6ld, k\u00e9k \u00e9s lila. Narancs lehetett volna m\u00e9g, ha 6 lapot akartam volna) Egy csatos form\u00e1ban egyenk\u00e9nt megs\u00fct\u00f6ttem a lapokat 175 fokon. Mivel pici, lapos, hamar k\u00e9sz volt \u00e9s gyorsan h\u0171lt.<\/p>\n\n\n\n<p>Am\u00edg s\u00fcltek \u00e9s h\u0171ltek a lapok, kikevertem a kr\u00e9met. A habtejsz\u00ednt felvertem \u00e9s hozz\u00e1kevertem a mascarpone-hoz. Mivel a tejsz\u00edn \u00e9des\u00edtett volt, nem ig\u00e9nyelt hozz\u00e1aadott cukrot. Ev\u0151kan\u00e1llal nutell\u00e1t kanalaztam a kr\u00e9mhez (ez opcion\u00e1lis, hogy mennyit teszel). K\u00e9sz\u00fclhetett volna olvasztott feh\u00e9r csokival is nutella helyett, azzal is nagyon finom \u00e9s jobban mutat a feh\u00e9r kr\u00e9m a sz\u00ednes pisk\u00f3t\u00e1n, de Anna most nutell\u00e1t szeretett volna.<\/p>\n\n\n\n<p>Mikor minden pisk\u00f3ta elk\u00e9sz\u00fclt \u00e9s kih\u0171lt, elkezdtem r\u00e9tegezni a pisk\u00f3t\u00e1kat a kr\u00e9mmel. A v\u00e9g\u00e9re term\u00e9szetesen maradt m\u00e9g kr\u00e9m, azt m\u00e9g megsz\u00ednezt\u00fck k\u00e9k+piros \u00e9telfest\u00e9kkel \u00e9s lila kr\u00e9mmel vontuk be a tort\u00e1t. <\/p>\n\n\n\n<p>Az ostyalapok is glut\u00e9n-\u00e9s tejmentesek voltak, el\u0151z\u0151 nap nyomtattam \u0151ket. Nyomtattunk hozz\u00e1 kisebb kerek form\u00e1kat is, azok ker\u00fcltek a torta oldal\u00e1ra. A k\u00e9peket mi mentett\u00fck le k\u00e9pkeres\u0151b\u0151l \u00e9s a cukr\u00e1szkell\u00e9kesben nyomtatt\u00e1k.<\/p>\n\n\n\n<p>A torta NEM cukr\u00e1szdai, nem is \u00fagy n\u00e9z ki, abszol\u00fat home-made, de tal\u00e1n mindenkinek nagyon \u00edzlett \u00e9s hamar el is fogyott.<\/p>\n\n\n\n<figure class=\"wp-block-image size-large\"><img loading=\"lazy\" decoding=\"async\" width=\"1024\" height=\"855\" src=\"https:\/\/szeretetkonyham.com\/wp-content\/uploads\/2026\/08\/258-1024x855.jpg\" alt=\"\" class=\"wp-image-3830\" srcset=\"https:\/\/szeretetkonyham.com\/wp-content\/uploads\/2026\/08\/258-980x818.jpg 980w, https:\/\/szeretetkonyham.com\/wp-content\/uploads\/2026\/08\/258-480x401.jpg 480w\" sizes=\"(min-width: 0px) and (max-width: 480px) 480px, (min-width: 481px) and (max-width: 980px) 980px, (min-width: 981px) 1024px, 100vw\" \/><\/figure>\n\n\n\n<figure class=\"wp-block-image size-large\"><img loading=\"lazy\" decoding=\"async\" width=\"984\" height=\"1024\" src=\"https:\/\/szeretetkonyham.com\/wp-content\/uploads\/2026\/08\/259-984x1024.jpg\" alt=\"\" class=\"wp-image-3831\" srcset=\"https:\/\/szeretetkonyham.com\/wp-content\/uploads\/2026\/08\/259-980x1020.jpg 980w, https:\/\/szeretetkonyham.com\/wp-content\/uploads\/2026\/08\/259-480x499.jpg 480w\" sizes=\"(min-width: 0px) and (max-width: 480px) 480px, (min-width: 481px) and (max-width: 980px) 980px, (min-width: 981px) 984px, 100vw\" \/><\/figure>\n\n\n\n<figure class=\"wp-block-image size-large\"><img loading=\"lazy\" decoding=\"async\" width=\"1024\" height=\"898\" src=\"https:\/\/szeretetkonyham.com\/wp-content\/uploads\/2026\/08\/260-1024x898.jpg\" alt=\"\" class=\"wp-image-3832\" srcset=\"https:\/\/szeretetkonyham.com\/wp-content\/uploads\/2026\/08\/260-980x859.jpg 980w, https:\/\/szeretetkonyham.com\/wp-content\/uploads\/2026\/08\/260-480x421.jpg 480w\" sizes=\"(min-width: 0px) and (max-width: 480px) 480px, (min-width: 481px) and (max-width: 980px) 980px, (min-width: 981px) 1024px, 100vw\" \/><\/figure>\n\n\n\n<figure class=\"wp-block-image size-large\"><img loading=\"lazy\" decoding=\"async\" width=\"1024\" height=\"768\" src=\"https:\/\/szeretetkonyham.com\/wp-content\/uploads\/2026\/08\/241-1024x768.jpg\" alt=\"\" class=\"wp-image-3833\" srcset=\"https:\/\/szeretetkonyham.com\/wp-content\/uploads\/2026\/08\/241-980x735.jpg 980w, https:\/\/szeretetkonyham.com\/wp-content\/uploads\/2026\/08\/241-480x360.jpg 480w\" sizes=\"(min-width: 0px) and (max-width: 480px) 480px, (min-width: 481px) and (max-width: 980px) 980px, (min-width: 981px) 1024px, 100vw\" \/><\/figure>\n\n\n\n<figure class=\"wp-block-image size-large\"><img loading=\"lazy\" decoding=\"async\" width=\"1024\" height=\"768\" src=\"https:\/\/szeretetkonyham.com\/wp-content\/uploads\/2026\/08\/243-1024x768.jpg\" alt=\"\" class=\"wp-image-3834\" srcset=\"https:\/\/szeretetkonyham.com\/wp-content\/uploads\/2026\/08\/243-980x735.jpg 980w, https:\/\/szeretetkonyham.com\/wp-content\/uploads\/2026\/08\/243-480x360.jpg 480w\" sizes=\"(min-width: 0px) and (max-width: 480px) 480px, (min-width: 481px) and (max-width: 980px) 980px, (min-width: 981px) 1024px, 100vw\" \/><\/figure>\n","protected":false},"excerpt":{"rendered":"<p>Kisnagyl\u00e1nyom 9 \u00e9ves lett. N\u00e1lunk minden \u00e9vben, mindenki sz\u00fclinapj\u00e1ra h\u00e1zi torta k\u00e9sz\u00fcl. Ha j\u00f3l sz\u00e1molom, akkor eddig 36 + (18, 9, 6, 3+3) tort\u00e1t s\u00fct\u00f6ttem m\u00e1r a gyerekeimnek. \ud83d\ude42 Mindig megk\u00e9rdezem milyet szeretn\u00e9nek. Most sem volt ez m\u00e1sk\u00e9nt. Anna sziv\u00e1rv\u00e1ny pisk\u00f3t\u00e1j\u00fa nutell\u00e1s tort\u00e1t k\u00e9rt K-Pop Huntrix dekor\u00e1ci\u00f3val. Egyszer r\u00e9gesr\u00e9g J\u00e1zminnak is k\u00e9sz\u00edtettem m\u00e1r sziv\u00e1rv\u00e1ny tort\u00e1t, [&hellip;]<\/p>\n","protected":false},"author":3,"featured_media":3834,"comment_status":"open","ping_status":"open","sticky":false,"template":"","format":"standard","meta":{"_et_pb_use_builder":"off","_et_pb_old_content":"","_et_gb_content_width":"","footnotes":""},"categories":[3],"tags":[66,99,460,555,553,554,67,187],"class_list":["post-3829","post","type-post","status-publish","format-standard","has-post-thumbnail","hentry","category-receptek","tag-glutenmentes","tag-mascarpone","tag-nutella","tag-nutellasmascarpone","tag-szivarvany","tag-szivarvanytorta","tag-tejmentes","tag-torta"],"_links":{"self":[{"href":"https:\/\/szeretetkonyham.com\/index.php?rest_route=\/wp\/v2\/posts\/3829","targetHints":{"allow":["GET"]}}],"collection":[{"href":"https:\/\/szeretetkonyham.com\/index.php?rest_route=\/wp\/v2\/posts"}],"about":[{"href":"https:\/\/szeretetkonyham.com\/index.php?rest_route=\/wp\/v2\/types\/post"}],"author":[{"embeddable":true,"href":"https:\/\/szeretetkonyham.com\/index.php?rest_route=\/wp\/v2\/users\/3"}],"replies":[{"embeddable":true,"href":"https:\/\/szeretetkonyham.com\/index.php?rest_route=%2Fwp%2Fv2%2Fcomments&post=3829"}],"version-history":[{"count":1,"href":"https:\/\/szeretetkonyham.com\/index.php?rest_route=\/wp\/v2\/posts\/3829\/revisions"}],"predecessor-version":[{"id":3835,"href":"https:\/\/szeretetkonyham.com\/index.php?rest_route=\/wp\/v2\/posts\/3829\/revisions\/3835"}],"wp:featuredmedia":[{"embeddable":true,"href":"https:\/\/szeretetkonyham.com\/index.php?rest_route=\/wp\/v2\/media\/3834"}],"wp:attachment":[{"href":"https:\/\/szeretetkonyham.com\/index.php?rest_route=%2Fwp%2Fv2%2Fmedia&parent=3829"}],"wp:term":[{"taxonomy":"category","embeddable":true,"href":"https:\/\/szeretetkonyham.com\/index.php?rest_route=%2Fwp%2Fv2%2Fcategories&post=3829"},{"taxonomy":"post_tag","embeddable":true,"href":"https:\/\/szeretetkonyham.com\/index.php?rest_route=%2Fwp%2Fv2%2Ftags&post=3829"}],"curies":[{"name":"wp","href":"https:\/\/api.w.org\/{rel}","templated":true}]}}