{"id":943,"date":"2022-01-23T21:20:58","date_gmt":"2022-01-23T21:20:58","guid":{"rendered":"https:\/\/szeretetkonyham.hu\/?p=943"},"modified":"2023-07-25T16:17:00","modified_gmt":"2023-07-25T16:17:00","slug":"kifli","status":"publish","type":"post","link":"https:\/\/szeretetkonyham.com\/?p=943","title":{"rendered":"Kifli"},"content":{"rendered":"\n<p>6 gr instant \u00e9leszt\u0151<\/p>\n\n\n\n<p>6 gr finom\u00edtatlan n\u00e1dcukor<\/p>\n\n\n\n<p>220 gr langyos v\u00edz<\/p>\n\n\n\n<p>275 gr Schar B keny\u00e9rliszt<\/p>\n\n\n\n<p>2 csipet s\u00f3<\/p>\n\n\n\n<p>10 gr olaj<\/p>\n\n\n\n<p>A hozz\u00e1val\u00f3kat alaposan kidagasztjuk. Nem sz\u00fcks\u00e9ges az \u00e9leszt\u0151t felfuttatni, a liszthez keverve teszi a dolg\u00e1t. A dagaszt\u00e1si id\u0151 7-8 perc!<\/p>\n\n\n\n<p>Olajozott lapra bor\u00edtjuk a massz\u00e1t, majd k\u00f6r alak\u00fara ny\u00fajtjuk. K\u00e9ssel 6 vagy 8 fel\u00e9 v\u00e1gjuk, majd a h\u00e1romsz\u00f6geket a hosszabbik fel\u00e9t\u0151l indulva szorosan feltekerj\u00fck.<\/p>\n\n\n\n<p>A kifliket s\u00fct\u0151pap\u00edrral b\u00e9lelt lapra sorakoztatjuk, majd 40 fokon kb. 35-40 percig kelesztj\u00fck, ezut\u00e1n lekenj\u00fck a tetej\u00fcket olajjal, esetleg durva szem\u0171 s\u00f3val, vagy magokkal sz\u00f3rjuk \u00e9s 190 fokon 25 perc alatt k\u00e9szre s\u00fctj\u00fck.<\/p>\n\n\n\n<p><\/p>\n\n\n\n<figure class=\"wp-block-image size-large\"><img loading=\"lazy\" decoding=\"async\" width=\"1024\" height=\"768\" src=\"https:\/\/szeretetkonyham.hu\/wp-content\/uploads\/2023\/07\/20230722_100112-1024x768.jpg\" alt=\"\" class=\"wp-image-1788\" srcset=\"https:\/\/szeretetkonyham.hu\/wp-content\/uploads\/2023\/07\/20230722_100112-980x735.jpg 980w, https:\/\/szeretetkonyham.hu\/wp-content\/uploads\/2023\/07\/20230722_100112-480x360.jpg 480w\" sizes=\"(min-width: 0px) and (max-width: 480px) 480px, (min-width: 481px) and (max-width: 980px) 980px, (min-width: 981px) 1024px, 100vw\" \/><\/figure>\n\n\n\n<figure class=\"wp-block-image size-large\"><img loading=\"lazy\" decoding=\"async\" width=\"1024\" height=\"768\" src=\"https:\/\/szeretetkonyham.hu\/wp-content\/uploads\/2023\/07\/20230722_100121-1024x768.jpg\" alt=\"\" class=\"wp-image-1789\" srcset=\"https:\/\/szeretetkonyham.hu\/wp-content\/uploads\/2023\/07\/20230722_100121-980x735.jpg 980w, https:\/\/szeretetkonyham.hu\/wp-content\/uploads\/2023\/07\/20230722_100121-480x360.jpg 480w\" sizes=\"(min-width: 0px) and (max-width: 480px) 480px, (min-width: 481px) and (max-width: 980px) 980px, (min-width: 981px) 1024px, 100vw\" \/><\/figure>\n\n\n\n<figure class=\"wp-block-image size-large\"><img loading=\"lazy\" decoding=\"async\" width=\"1024\" height=\"768\" src=\"https:\/\/szeretetkonyham.hu\/wp-content\/uploads\/2023\/07\/20230722_100123-1024x768.jpg\" alt=\"\" class=\"wp-image-1791\" srcset=\"https:\/\/szeretetkonyham.hu\/wp-content\/uploads\/2023\/07\/20230722_100123-980x735.jpg 980w, https:\/\/szeretetkonyham.hu\/wp-content\/uploads\/2023\/07\/20230722_100123-480x360.jpg 480w\" sizes=\"(min-width: 0px) and (max-width: 480px) 480px, (min-width: 481px) and (max-width: 980px) 980px, (min-width: 981px) 1024px, 100vw\" \/><\/figure>\n","protected":false},"excerpt":{"rendered":"<p>6 gr instant \u00e9leszt\u0151 6 gr finom\u00edtatlan n\u00e1dcukor 220 gr langyos v\u00edz 275 gr Schar B keny\u00e9rliszt 2 csipet s\u00f3 10 gr olaj A hozz\u00e1val\u00f3kat alaposan kidagasztjuk. Nem sz\u00fcks\u00e9ges az \u00e9leszt\u0151t felfuttatni, a liszthez keverve teszi a dolg\u00e1t. A dagaszt\u00e1si id\u0151 7-8 perc! Olajozott lapra bor\u00edtjuk a massz\u00e1t, majd k\u00f6r alak\u00fara ny\u00fajtjuk. K\u00e9ssel 6 vagy [&hellip;]<\/p>\n","protected":false},"author":3,"featured_media":946,"comment_status":"open","ping_status":"open","sticky":false,"template":"","format":"standard","meta":{"_et_pb_use_builder":"off","_et_pb_old_content":"","_et_gb_content_width":"","footnotes":""},"categories":[3],"tags":[66,134,67,68,77],"class_list":["post-943","post","type-post","status-publish","format-standard","has-post-thumbnail","hentry","category-receptek","tag-glutenmentes","tag-kifli","tag-tejmentes","tag-tojasmentes","tag-vegan"],"_links":{"self":[{"href":"https:\/\/szeretetkonyham.com\/index.php?rest_route=\/wp\/v2\/posts\/943","targetHints":{"allow":["GET"]}}],"collection":[{"href":"https:\/\/szeretetkonyham.com\/index.php?rest_route=\/wp\/v2\/posts"}],"about":[{"href":"https:\/\/szeretetkonyham.com\/index.php?rest_route=\/wp\/v2\/types\/post"}],"author":[{"embeddable":true,"href":"https:\/\/szeretetkonyham.com\/index.php?rest_route=\/wp\/v2\/users\/3"}],"replies":[{"embeddable":true,"href":"https:\/\/szeretetkonyham.com\/index.php?rest_route=%2Fwp%2Fv2%2Fcomments&post=943"}],"version-history":[{"count":2,"href":"https:\/\/szeretetkonyham.com\/index.php?rest_route=\/wp\/v2\/posts\/943\/revisions"}],"predecessor-version":[{"id":1792,"href":"https:\/\/szeretetkonyham.com\/index.php?rest_route=\/wp\/v2\/posts\/943\/revisions\/1792"}],"wp:featuredmedia":[{"embeddable":true,"href":"https:\/\/szeretetkonyham.com\/index.php?rest_route=\/wp\/v2\/media\/946"}],"wp:attachment":[{"href":"https:\/\/szeretetkonyham.com\/index.php?rest_route=%2Fwp%2Fv2%2Fmedia&parent=943"}],"wp:term":[{"taxonomy":"category","embeddable":true,"href":"https:\/\/szeretetkonyham.com\/index.php?rest_route=%2Fwp%2Fv2%2Fcategories&post=943"},{"taxonomy":"post_tag","embeddable":true,"href":"https:\/\/szeretetkonyham.com\/index.php?rest_route=%2Fwp%2Fv2%2Ftags&post=943"}],"curies":[{"name":"wp","href":"https:\/\/api.w.org\/{rel}","templated":true}]}}